{"id":3114,"date":"2017-10-20T10:48:11","date_gmt":"2017-10-20T10:48:11","guid":{"rendered":"http:\/\/www.palaestina-verein.de\/wp\/wordpress?p=3114"},"modified":"2017-12-13T07:32:42","modified_gmt":"2017-12-13T07:32:42","slug":"bericht-ueber-den-palaestina-kurs-2017","status":"publish","type":"post","link":"https:\/\/www.palaestina-verein.de\/wp\/wordpress?p=3114","title":{"rendered":"Bericht \u00fcber den Pal\u00e4stina-Kurs 2017"},"content":{"rendered":"<p>Vom 27.-29.9.2017 fand in M\u00fcnster der zweite Pal\u00e4stina-Kurs des Deutschen Pal\u00e4stina Vereins statt. Dieses Jahr stand er unter dem Thema \u201ePrivate Fr\u00f6mmigkeit im Kontext der Religionsgeschichte Pal\u00e4stinas von der Bronzezeit bis zur islamischen Zeit\u201c. 13 Studierende aus dem deutschsprachigen Raum und der unterschiedlichen theologischen und arch\u00e4ologischen F\u00e4cher nahmen an dem Kurs teil. Dozentinnen und Dozenten aus M\u00fcnster, T\u00fcbingen, Fribourg, Marburg und Mainz haben in Seminarsitzungen aus ihrem jeweiligen Blickwinkel das Thema behandelt. Diachron wurde kontrovers \u00fcber die Definition private Fr\u00f6mmigkeit diskutiert und schlussendlich festgestellt wie schwierig der Begriff ist und wie vielschichtig die Ph\u00e4nomene sind, die damit beschrieben werden. Ein besonderer H\u00f6hepunkt des Kurses war das Siegelpraktikum, bei dem mit originalen altorientalischen Stempel- und Rollsiegeln gearbeitet wurde. Der Kurs wurde von allen Beteiligten als Erfolg gewertet und die Hoffnung ge\u00e4u\u00dfert, dass sich der Kurs als feste Institution etablieren m\u00f6ge. Das Kursprogramm finden Sie <a href=\"https:\/\/www.palaestina-verein.de\/wp\/wordpress\/?ddownload=3115\" title=\"hier\" rel=\"nofollow\" class=\"ddownload-link id-3115 ext-pdf\">hier<\/a>.<\/p>\n","protected":false},"excerpt":{"rendered":"<p>Vom 27.-29.9.2017 fand in M\u00fcnster der zweite Pal\u00e4stina-Kurs des Deutschen Pal\u00e4stina Vereins statt. Dieses Jahr stand er unter dem Thema \u201ePrivate Fr\u00f6mmigkeit im Kontext der Religionsgeschichte Pal\u00e4stinas von der Bronzezeit bis zur islamischen Zeit\u201c. 13 Studierende aus dem deutschsprachigen Raum und der unterschiedlichen theologischen und arch\u00e4ologischen F\u00e4cher nahmen an dem Kurs teil. Dozentinnen und Dozenten [&hellip;]<\/p>\n","protected":false},"author":6,"featured_media":3121,"comment_status":"closed","ping_status":"closed","sticky":false,"template":"","format":"standard","meta":{"_bbp_topic_count":0,"_bbp_reply_count":0,"_bbp_total_topic_count":0,"_bbp_total_reply_count":0,"_bbp_voice_count":0,"_bbp_anonymous_reply_count":0,"_bbp_topic_count_hidden":0,"_bbp_reply_count_hidden":0,"_bbp_forum_subforum_count":0,"footnotes":""},"categories":[61],"tags":[],"class_list":["post-3114","post","type-post","status-publish","format-standard","has-post-thumbnail","hentry","category-news"],"_links":{"self":[{"href":"https:\/\/www.palaestina-verein.de\/wp\/wordpress\/index.php?rest_route=\/wp\/v2\/posts\/3114","targetHints":{"allow":["GET"]}}],"collection":[{"href":"https:\/\/www.palaestina-verein.de\/wp\/wordpress\/index.php?rest_route=\/wp\/v2\/posts"}],"about":[{"href":"https:\/\/www.palaestina-verein.de\/wp\/wordpress\/index.php?rest_route=\/wp\/v2\/types\/post"}],"author":[{"embeddable":true,"href":"https:\/\/www.palaestina-verein.de\/wp\/wordpress\/index.php?rest_route=\/wp\/v2\/users\/6"}],"replies":[{"embeddable":true,"href":"https:\/\/www.palaestina-verein.de\/wp\/wordpress\/index.php?rest_route=%2Fwp%2Fv2%2Fcomments&post=3114"}],"version-history":[{"count":14,"href":"https:\/\/www.palaestina-verein.de\/wp\/wordpress\/index.php?rest_route=\/wp\/v2\/posts\/3114\/revisions"}],"predecessor-version":[{"id":3200,"href":"https:\/\/www.palaestina-verein.de\/wp\/wordpress\/index.php?rest_route=\/wp\/v2\/posts\/3114\/revisions\/3200"}],"wp:featuredmedia":[{"embeddable":true,"href":"https:\/\/www.palaestina-verein.de\/wp\/wordpress\/index.php?rest_route=\/wp\/v2\/media\/3121"}],"wp:attachment":[{"href":"https:\/\/www.palaestina-verein.de\/wp\/wordpress\/index.php?rest_route=%2Fwp%2Fv2%2Fmedia&parent=3114"}],"wp:term":[{"taxonomy":"category","embeddable":true,"href":"https:\/\/www.palaestina-verein.de\/wp\/wordpress\/index.php?rest_route=%2Fwp%2Fv2%2Fcategories&post=3114"},{"taxonomy":"post_tag","embeddable":true,"href":"https:\/\/www.palaestina-verein.de\/wp\/wordpress\/index.php?rest_route=%2Fwp%2Fv2%2Ftags&post=3114"}],"curies":[{"name":"wp","href":"https:\/\/api.w.org\/{rel}","templated":true}]}}