{"id":3214,"date":"2018-01-15T13:58:20","date_gmt":"2018-01-15T13:58:20","guid":{"rendered":"http:\/\/www.palaestina-verein.de\/wp\/wordpress?p=3214"},"modified":"2018-05-06T09:00:43","modified_gmt":"2018-05-06T09:00:43","slug":"ausschreibung-foerdermittel-2018","status":"publish","type":"post","link":"https:\/\/www.palaestina-verein.de\/wp\/wordpress?p=3214","title":{"rendered":"Ausschreibung F\u00f6rdermittel 2018"},"content":{"rendered":"<p>Der Deutsche Verein zur Erforschung Pal\u00e4stinas (DPV) schreibt f\u00fcr das Jahr 2018 F\u00f6rdermittel in H\u00f6he von 5.000 Euro zur Durchf\u00fchrung von wissenschaftlichen Pal\u00e4stina-Forschungen aus.<\/p>\n<p>Die Mittel dienen der F\u00f6rderung und Unterst\u00fctzung von wissenschaftlichen Projekten mit hohem Stellenwert f\u00fcr die Erforschung Pal\u00e4stinas. Sie sollen bevorzugt Mitgliedern des DPV gew\u00e4hrt werden und vorzugsweise Nachwuchswissenschaftlerinnen und Nachwuchswissenschaftlern zugutekommen.<\/p>\n<p>Antr\u00e4ge auf Zuweisung der F\u00f6rdermittel k\u00f6nnen bis zum 31. M\u00e4rz 2018 eingereicht werden. Einzelheiten erfahren Sie <a href=\"https:\/\/www.palaestina-verein.de\/wp\/wordpress\/?ddownload=3216\" title=\"hier\" rel=\"nofollow\" class=\"ddownload-link id-3216 ext-pdf\">hier<\/a>.<\/p>\n","protected":false},"excerpt":{"rendered":"<p>Der Deutsche Verein zur Erforschung Pal\u00e4stinas (DPV) schreibt f\u00fcr das Jahr 2018 F\u00f6rdermittel in H\u00f6he von 5.000 Euro zur Durchf\u00fchrung von wissenschaftlichen Pal\u00e4stina-Forschungen aus. Die Mittel dienen der F\u00f6rderung und Unterst\u00fctzung von wissenschaftlichen Projekten mit hohem Stellenwert f\u00fcr die Erforschung Pal\u00e4stinas. Sie sollen bevorzugt Mitgliedern des DPV gew\u00e4hrt werden und vorzugsweise Nachwuchswissenschaftlerinnen und Nachwuchswissenschaftlern zugutekommen. [&hellip;]<\/p>\n","protected":false},"author":6,"featured_media":3218,"comment_status":"closed","ping_status":"closed","sticky":false,"template":"","format":"standard","meta":{"_bbp_topic_count":0,"_bbp_reply_count":0,"_bbp_total_topic_count":0,"_bbp_total_reply_count":0,"_bbp_voice_count":0,"_bbp_anonymous_reply_count":0,"_bbp_topic_count_hidden":0,"_bbp_reply_count_hidden":0,"_bbp_forum_subforum_count":0,"footnotes":""},"categories":[61],"tags":[],"class_list":["post-3214","post","type-post","status-publish","format-standard","has-post-thumbnail","hentry","category-news"],"_links":{"self":[{"href":"https:\/\/www.palaestina-verein.de\/wp\/wordpress\/index.php?rest_route=\/wp\/v2\/posts\/3214","targetHints":{"allow":["GET"]}}],"collection":[{"href":"https:\/\/www.palaestina-verein.de\/wp\/wordpress\/index.php?rest_route=\/wp\/v2\/posts"}],"about":[{"href":"https:\/\/www.palaestina-verein.de\/wp\/wordpress\/index.php?rest_route=\/wp\/v2\/types\/post"}],"author":[{"embeddable":true,"href":"https:\/\/www.palaestina-verein.de\/wp\/wordpress\/index.php?rest_route=\/wp\/v2\/users\/6"}],"replies":[{"embeddable":true,"href":"https:\/\/www.palaestina-verein.de\/wp\/wordpress\/index.php?rest_route=%2Fwp%2Fv2%2Fcomments&post=3214"}],"version-history":[{"count":2,"href":"https:\/\/www.palaestina-verein.de\/wp\/wordpress\/index.php?rest_route=\/wp\/v2\/posts\/3214\/revisions"}],"predecessor-version":[{"id":3233,"href":"https:\/\/www.palaestina-verein.de\/wp\/wordpress\/index.php?rest_route=\/wp\/v2\/posts\/3214\/revisions\/3233"}],"wp:featuredmedia":[{"embeddable":true,"href":"https:\/\/www.palaestina-verein.de\/wp\/wordpress\/index.php?rest_route=\/wp\/v2\/media\/3218"}],"wp:attachment":[{"href":"https:\/\/www.palaestina-verein.de\/wp\/wordpress\/index.php?rest_route=%2Fwp%2Fv2%2Fmedia&parent=3214"}],"wp:term":[{"taxonomy":"category","embeddable":true,"href":"https:\/\/www.palaestina-verein.de\/wp\/wordpress\/index.php?rest_route=%2Fwp%2Fv2%2Fcategories&post=3214"},{"taxonomy":"post_tag","embeddable":true,"href":"https:\/\/www.palaestina-verein.de\/wp\/wordpress\/index.php?rest_route=%2Fwp%2Fv2%2Ftags&post=3214"}],"curies":[{"name":"wp","href":"https:\/\/api.w.org\/{rel}","templated":true}]}}