{"id":3228,"date":"2018-05-06T08:53:25","date_gmt":"2018-05-06T08:53:25","guid":{"rendered":"http:\/\/www.palaestina-verein.de\/wp\/wordpress?p=3228"},"modified":"2018-06-25T05:56:01","modified_gmt":"2018-06-25T05:56:01","slug":"tagung-neue-forschungen-zur-mescha-stele","status":"publish","type":"post","link":"https:\/\/www.palaestina-verein.de\/wp\/wordpress?p=3228","title":{"rendered":"Tagung: Neue Forschungen zur Mescha-Stele"},"content":{"rendered":"<p>Anl\u00e4sslich der 150. Wiederkehr des Jahres, in dem der aus Stra\u00dfburg stammende Missionar F.A. Klein in D\u012bb\u0101n die Mescha-Stele entdeckte (9. August 1868), veranstaltet der Deutsche Verein zur Erforschung Pal\u00e4stinas e.V. in Zusammenarbeit mit dem Coll\u00e8ge de France und dem Mus\u00e9e du Louvre die Tagung:<\/p>\n<p style=\"text-align: center;\"><strong>Nouvelles Recherches autour de la St\u00e8le de M\u00e9sha \u2013\u00a0Neue Forschungen zur Mescha-Stele<\/strong><\/p>\n<p style=\"text-align: center;\">(Coll\u00e8ge de France, 11 Place Marcelin-Berthelot, Paris)<\/p>\n<p style=\"text-align: center;\">2.-3. Oktober 2018<\/p>\n<p style=\"text-align: left;\">Ein detailliertes Programm finden Sie <a href=\"https:\/\/www.palaestina-verein.de\/wp\/wordpress\/?ddownload=3230\" title=\"hier\" rel=\"nofollow\" class=\"ddownload-link id-3230 ext-pdf\">hier<\/a>. An der Tagung interessierte Mitglieder des DPV um eine Anmeldung bei <a href=\"mailto:herbert.niehr@uni-tuebingen.de\">Prof. Dr. Herbert Niehr<\/a> gebeten.<\/p>\n","protected":false},"excerpt":{"rendered":"<p>Anl\u00e4sslich der 150. Wiederkehr des Jahres, in dem der aus Stra\u00dfburg stammende Missionar F.A. Klein in D\u012bb\u0101n die Mescha-Stele entdeckte (9. August 1868), veranstaltet der Deutsche Verein zur Erforschung Pal\u00e4stinas e.V. in Zusammenarbeit mit dem Coll\u00e8ge de France und dem Mus\u00e9e du Louvre die Tagung: Nouvelles Recherches autour de la St\u00e8le de M\u00e9sha \u2013\u00a0Neue Forschungen [&hellip;]<\/p>\n","protected":false},"author":6,"featured_media":3235,"comment_status":"closed","ping_status":"closed","sticky":false,"template":"","format":"standard","meta":{"_bbp_topic_count":0,"_bbp_reply_count":0,"_bbp_total_topic_count":0,"_bbp_total_reply_count":0,"_bbp_voice_count":0,"_bbp_anonymous_reply_count":0,"_bbp_topic_count_hidden":0,"_bbp_reply_count_hidden":0,"_bbp_forum_subforum_count":0,"footnotes":""},"categories":[61],"tags":[],"class_list":["post-3228","post","type-post","status-publish","format-standard","has-post-thumbnail","hentry","category-news"],"_links":{"self":[{"href":"https:\/\/www.palaestina-verein.de\/wp\/wordpress\/index.php?rest_route=\/wp\/v2\/posts\/3228","targetHints":{"allow":["GET"]}}],"collection":[{"href":"https:\/\/www.palaestina-verein.de\/wp\/wordpress\/index.php?rest_route=\/wp\/v2\/posts"}],"about":[{"href":"https:\/\/www.palaestina-verein.de\/wp\/wordpress\/index.php?rest_route=\/wp\/v2\/types\/post"}],"author":[{"embeddable":true,"href":"https:\/\/www.palaestina-verein.de\/wp\/wordpress\/index.php?rest_route=\/wp\/v2\/users\/6"}],"replies":[{"embeddable":true,"href":"https:\/\/www.palaestina-verein.de\/wp\/wordpress\/index.php?rest_route=%2Fwp%2Fv2%2Fcomments&post=3228"}],"version-history":[{"count":5,"href":"https:\/\/www.palaestina-verein.de\/wp\/wordpress\/index.php?rest_route=\/wp\/v2\/posts\/3228\/revisions"}],"predecessor-version":[{"id":3237,"href":"https:\/\/www.palaestina-verein.de\/wp\/wordpress\/index.php?rest_route=\/wp\/v2\/posts\/3228\/revisions\/3237"}],"wp:featuredmedia":[{"embeddable":true,"href":"https:\/\/www.palaestina-verein.de\/wp\/wordpress\/index.php?rest_route=\/wp\/v2\/media\/3235"}],"wp:attachment":[{"href":"https:\/\/www.palaestina-verein.de\/wp\/wordpress\/index.php?rest_route=%2Fwp%2Fv2%2Fmedia&parent=3228"}],"wp:term":[{"taxonomy":"category","embeddable":true,"href":"https:\/\/www.palaestina-verein.de\/wp\/wordpress\/index.php?rest_route=%2Fwp%2Fv2%2Fcategories&post=3228"},{"taxonomy":"post_tag","embeddable":true,"href":"https:\/\/www.palaestina-verein.de\/wp\/wordpress\/index.php?rest_route=%2Fwp%2Fv2%2Ftags&post=3228"}],"curies":[{"name":"wp","href":"https:\/\/api.w.org\/{rel}","templated":true}]}}