{"id":3254,"date":"2018-05-20T08:11:42","date_gmt":"2018-05-20T08:11:42","guid":{"rendered":"http:\/\/www.palaestina-verein.de\/wp\/wordpress?p=3254"},"modified":"2018-05-20T08:13:33","modified_gmt":"2018-05-20T08:13:33","slug":"die-bibliothek-des-vereins-ist-umgezogen","status":"publish","type":"post","link":"https:\/\/www.palaestina-verein.de\/wp\/wordpress?p=3254","title":{"rendered":"Die Bibliothek des Vereins ist umgezogen!"},"content":{"rendered":"<p>Seit Sommer 2017 befindet sich die Bibliothek des Vereins\u00a0am <a href=\"https:\/\/www.uni-muenster.de\/Archaeologie\/\">Institut f\u00fcr Klassische Arch\u00e4ologie der Universit\u00e4t M\u00fcnster<\/a>\u00a0(Zeitschriftenbest\u00e4nde) und\u00a0in R\u00e4umen der Professur f\u00fcr Exegese und Literaturgeschichte des Alten Testaments an der <a href=\"https:\/\/www.theologie.hu-berlin.de\/de\/professuren\/professuren\/at\/bibliothek-des-deutschen-palaestina-vereins\">Theologischen Fakult\u00e4t der Humboldt-Universit\u00e4t zu Berlin<\/a> (Monographien). Weitere Informationen finden Sie <a href=\"https:\/\/www.palaestina-verein.de\/wp\/wordpress?page_id=966\">hier<\/a>.<\/p>\n","protected":false},"excerpt":{"rendered":"<p>Seit Sommer 2017 befindet sich die Bibliothek des Vereins\u00a0am Institut f\u00fcr Klassische Arch\u00e4ologie der Universit\u00e4t M\u00fcnster\u00a0(Zeitschriftenbest\u00e4nde) und\u00a0in R\u00e4umen der Professur f\u00fcr Exegese und Literaturgeschichte des Alten Testaments an der Theologischen Fakult\u00e4t der Humboldt-Universit\u00e4t zu Berlin (Monographien). Weitere Informationen finden Sie hier.<\/p>\n","protected":false},"author":6,"featured_media":3256,"comment_status":"closed","ping_status":"closed","sticky":false,"template":"","format":"standard","meta":{"_bbp_topic_count":0,"_bbp_reply_count":0,"_bbp_total_topic_count":0,"_bbp_total_reply_count":0,"_bbp_voice_count":0,"_bbp_anonymous_reply_count":0,"_bbp_topic_count_hidden":0,"_bbp_reply_count_hidden":0,"_bbp_forum_subforum_count":0,"footnotes":""},"categories":[1],"tags":[],"class_list":["post-3254","post","type-post","status-publish","format-standard","has-post-thumbnail","hentry","category-uncategorized"],"_links":{"self":[{"href":"https:\/\/www.palaestina-verein.de\/wp\/wordpress\/index.php?rest_route=\/wp\/v2\/posts\/3254","targetHints":{"allow":["GET"]}}],"collection":[{"href":"https:\/\/www.palaestina-verein.de\/wp\/wordpress\/index.php?rest_route=\/wp\/v2\/posts"}],"about":[{"href":"https:\/\/www.palaestina-verein.de\/wp\/wordpress\/index.php?rest_route=\/wp\/v2\/types\/post"}],"author":[{"embeddable":true,"href":"https:\/\/www.palaestina-verein.de\/wp\/wordpress\/index.php?rest_route=\/wp\/v2\/users\/6"}],"replies":[{"embeddable":true,"href":"https:\/\/www.palaestina-verein.de\/wp\/wordpress\/index.php?rest_route=%2Fwp%2Fv2%2Fcomments&post=3254"}],"version-history":[{"count":3,"href":"https:\/\/www.palaestina-verein.de\/wp\/wordpress\/index.php?rest_route=\/wp\/v2\/posts\/3254\/revisions"}],"predecessor-version":[{"id":3259,"href":"https:\/\/www.palaestina-verein.de\/wp\/wordpress\/index.php?rest_route=\/wp\/v2\/posts\/3254\/revisions\/3259"}],"wp:featuredmedia":[{"embeddable":true,"href":"https:\/\/www.palaestina-verein.de\/wp\/wordpress\/index.php?rest_route=\/wp\/v2\/media\/3256"}],"wp:attachment":[{"href":"https:\/\/www.palaestina-verein.de\/wp\/wordpress\/index.php?rest_route=%2Fwp%2Fv2%2Fmedia&parent=3254"}],"wp:term":[{"taxonomy":"category","embeddable":true,"href":"https:\/\/www.palaestina-verein.de\/wp\/wordpress\/index.php?rest_route=%2Fwp%2Fv2%2Fcategories&post=3254"},{"taxonomy":"post_tag","embeddable":true,"href":"https:\/\/www.palaestina-verein.de\/wp\/wordpress\/index.php?rest_route=%2Fwp%2Fv2%2Ftags&post=3254"}],"curies":[{"name":"wp","href":"https:\/\/api.w.org\/{rel}","templated":true}]}}