{"id":3294,"date":"2018-06-25T05:55:11","date_gmt":"2018-06-25T05:55:11","guid":{"rendered":"http:\/\/www.palaestina-verein.de\/wp\/wordpress?p=3294"},"modified":"2018-09-09T11:50:52","modified_gmt":"2018-09-09T11:50:52","slug":"prof-dr-martin-metzger-11-januar-1928-10-juni-2018","status":"publish","type":"post","link":"https:\/\/www.palaestina-verein.de\/wp\/wordpress?p=3294","title":{"rendered":"Prof. Dr. Martin Metzger 11. Januar 1928 &#8211; 10. Juni 2018"},"content":{"rendered":"<p>Der Deutsche Verein zur Erforschung Pal\u00e4stinas trauert um sein langj\u00e4hriges Mitglied Prof. Dr. Martin Metzger, der am 10. Juni 2018 verstorben ist. Von 1974 bis zu seiner Emeritierung im Jahre 1993 hatte Martin Metzger den Lehrstuhl f\u00fcr Altes Testament und Biblische Arch\u00e4ologie an der Theologischen Fakult\u00e4t der Christian-Albrechts-Universit\u00e4t zu Kiel inne. Durch zahlreiche Ver\u00f6ffentlichungen, insbesondere zur Geschichte Israels und zur Ikonographie des Vorderen Orients, sowie durch seine Ausgrabungen des Tempelbezirkes von Kamid el-Loz (Libanon) hat er sich f\u00fcr die Erforschung Pal\u00e4stinas bleibende Verdienste erworben. Der Deutsche Pal\u00e4stina-Verein wird dem Verstorbenen ein ehrendes Andenken bewahren und seine Begeisterung f\u00fcr die Pal\u00e4stinawissenschaft, die er auf viele \u00fcbertragen konnte, in lebendiger Erinnerung halten.<br \/>\nEin Nachruf der Theologischen Fakult\u00e4t der Christian-Albrechts-Universit\u00e4t zu Kiel findet sich auf der Homepage der Fakult\u00e4t:\u00a0<a href=\"http:\/\/www.theol.uni-kiel.de\/de\/pdf\/aktuelles\/nachruf-prof-dr-theol-martin-metzger\">http:\/\/www.theol.uni-kiel.de\/de\/pdf\/aktuelles\/nachruf-prof-dr-theol-martin-metzger<\/a>.<\/p>\n","protected":false},"excerpt":{"rendered":"<p>Der Deutsche Verein zur Erforschung Pal\u00e4stinas trauert um sein langj\u00e4hriges Mitglied Prof. Dr. Martin Metzger, der am 10. Juni 2018 verstorben ist. Von 1974 bis zu seiner Emeritierung im Jahre 1993 hatte Martin Metzger den Lehrstuhl f\u00fcr Altes Testament und Biblische Arch\u00e4ologie an der Theologischen Fakult\u00e4t der Christian-Albrechts-Universit\u00e4t zu Kiel inne. Durch zahlreiche Ver\u00f6ffentlichungen, insbesondere [&hellip;]<\/p>\n","protected":false},"author":6,"featured_media":3299,"comment_status":"closed","ping_status":"closed","sticky":false,"template":"","format":"standard","meta":{"_bbp_topic_count":0,"_bbp_reply_count":0,"_bbp_total_topic_count":0,"_bbp_total_reply_count":0,"_bbp_voice_count":0,"_bbp_anonymous_reply_count":0,"_bbp_topic_count_hidden":0,"_bbp_reply_count_hidden":0,"_bbp_forum_subforum_count":0,"footnotes":""},"categories":[61],"tags":[],"class_list":["post-3294","post","type-post","status-publish","format-standard","has-post-thumbnail","hentry","category-news"],"_links":{"self":[{"href":"https:\/\/www.palaestina-verein.de\/wp\/wordpress\/index.php?rest_route=\/wp\/v2\/posts\/3294","targetHints":{"allow":["GET"]}}],"collection":[{"href":"https:\/\/www.palaestina-verein.de\/wp\/wordpress\/index.php?rest_route=\/wp\/v2\/posts"}],"about":[{"href":"https:\/\/www.palaestina-verein.de\/wp\/wordpress\/index.php?rest_route=\/wp\/v2\/types\/post"}],"author":[{"embeddable":true,"href":"https:\/\/www.palaestina-verein.de\/wp\/wordpress\/index.php?rest_route=\/wp\/v2\/users\/6"}],"replies":[{"embeddable":true,"href":"https:\/\/www.palaestina-verein.de\/wp\/wordpress\/index.php?rest_route=%2Fwp%2Fv2%2Fcomments&post=3294"}],"version-history":[{"count":2,"href":"https:\/\/www.palaestina-verein.de\/wp\/wordpress\/index.php?rest_route=\/wp\/v2\/posts\/3294\/revisions"}],"predecessor-version":[{"id":3298,"href":"https:\/\/www.palaestina-verein.de\/wp\/wordpress\/index.php?rest_route=\/wp\/v2\/posts\/3294\/revisions\/3298"}],"wp:featuredmedia":[{"embeddable":true,"href":"https:\/\/www.palaestina-verein.de\/wp\/wordpress\/index.php?rest_route=\/wp\/v2\/media\/3299"}],"wp:attachment":[{"href":"https:\/\/www.palaestina-verein.de\/wp\/wordpress\/index.php?rest_route=%2Fwp%2Fv2%2Fmedia&parent=3294"}],"wp:term":[{"taxonomy":"category","embeddable":true,"href":"https:\/\/www.palaestina-verein.de\/wp\/wordpress\/index.php?rest_route=%2Fwp%2Fv2%2Fcategories&post=3294"},{"taxonomy":"post_tag","embeddable":true,"href":"https:\/\/www.palaestina-verein.de\/wp\/wordpress\/index.php?rest_route=%2Fwp%2Fv2%2Ftags&post=3294"}],"curies":[{"name":"wp","href":"https:\/\/api.w.org\/{rel}","templated":true}]}}