{"id":3377,"date":"2019-03-18T09:04:30","date_gmt":"2019-03-18T09:04:30","guid":{"rendered":"http:\/\/www.palaestina-verein.de\/wp\/wordpress?p=3377"},"modified":"2019-04-18T07:45:15","modified_gmt":"2019-04-18T07:45:15","slug":"dr-dr-h-c-helga-weippert-%e2%80%a0-13-maerz-2019","status":"publish","type":"post","link":"https:\/\/www.palaestina-verein.de\/wp\/wordpress?p=3377","title":{"rendered":"Dr. Dr. h.c. Helga Weippert (\u2020 13. M\u00e4rz 2019)"},"content":{"rendered":"\n<p>In tiefer Trauer und in dankbarer Erinnerung gedenkt der Deutsche Verein zur Erforschung Pal\u00e4stinas Dr. Dr. h.c. Helga Weippert, die am 13. M\u00e4rz 2019 verstorben ist. Mit ihr verlieren die wissenschaftlichen F\u00e4cher zur Erforschung Pal\u00e4stinas eine herausragende Pers\u00f6nlichkeit. Von 1992 bis 1998 war Helga Weippert Vorsitzende des Deutschen Pal\u00e4stina-Vereins. Es gelang ihr in dieser Zeit, dem Verein und seinen Mitgliedern zahlreiche fachliche und pers\u00f6nliche Impulse zu vermitteln. Sie sicherte in ihrer Amtszeit den Fortbestand des Vereins, indem sie ihn auf eine gesicherte finanzielle Grundlage stellte. Am 5. November 2010 wurde Helga Weippert \u201ein W\u00fcrdigung ihrer Verdienste um die Pal\u00e4stinawissenschaft, insbesondere um die Erforschung der Arch\u00e4ologie, die Erforschung der Kulturgeschichte des antiken Israels und um die Erforschung der Exegese des Alten Testaments\u201c zum Ehrenmitglied des Deutschen Pal\u00e4stina-Vereins ernannt. Am gleichen Tage wurde auch ihr Ehemann, Prof. Dr. Manfred Weippert, mit dem sie zuletzt seit mehr als zwanzig Jahren in Villeperdrix (Frankreich) lebte, zum Ehrenmitglied des Vereins ernannt. Unsere Gedanken sind bei Manfred Weippert. Wir werden Helga Weippert in gro\u00dfer Dankbarkeit und tiefer Verbundenheit ein ehrendes Andenken bewahren.\u00a0<\/p>\n\n\n\n<p>Ein Nachruf wird in einem der kommenden Hefte der ZDPV erscheinen.<\/p>\n","protected":false},"excerpt":{"rendered":"<p>In tiefer Trauer und in dankbarer Erinnerung gedenkt der Deutsche Verein zur Erforschung Pal\u00e4stinas Dr. Dr. h.c. Helga Weippert, die am 13. M\u00e4rz 2019 verstorben ist. Mit ihr verlieren die wissenschaftlichen F\u00e4cher zur Erforschung Pal\u00e4stinas eine herausragende Pers\u00f6nlichkeit. Von 1992 bis 1998 war Helga Weippert Vorsitzende des Deutschen Pal\u00e4stina-Vereins. Es gelang ihr in dieser Zeit, [&hellip;]<\/p>\n","protected":false},"author":6,"featured_media":3378,"comment_status":"closed","ping_status":"closed","sticky":false,"template":"","format":"standard","meta":{"_bbp_topic_count":0,"_bbp_reply_count":0,"_bbp_total_topic_count":0,"_bbp_total_reply_count":0,"_bbp_voice_count":0,"_bbp_anonymous_reply_count":0,"_bbp_topic_count_hidden":0,"_bbp_reply_count_hidden":0,"_bbp_forum_subforum_count":0,"footnotes":""},"categories":[61],"tags":[],"class_list":["post-3377","post","type-post","status-publish","format-standard","has-post-thumbnail","hentry","category-news"],"_links":{"self":[{"href":"https:\/\/www.palaestina-verein.de\/wp\/wordpress\/index.php?rest_route=\/wp\/v2\/posts\/3377","targetHints":{"allow":["GET"]}}],"collection":[{"href":"https:\/\/www.palaestina-verein.de\/wp\/wordpress\/index.php?rest_route=\/wp\/v2\/posts"}],"about":[{"href":"https:\/\/www.palaestina-verein.de\/wp\/wordpress\/index.php?rest_route=\/wp\/v2\/types\/post"}],"author":[{"embeddable":true,"href":"https:\/\/www.palaestina-verein.de\/wp\/wordpress\/index.php?rest_route=\/wp\/v2\/users\/6"}],"replies":[{"embeddable":true,"href":"https:\/\/www.palaestina-verein.de\/wp\/wordpress\/index.php?rest_route=%2Fwp%2Fv2%2Fcomments&post=3377"}],"version-history":[{"count":1,"href":"https:\/\/www.palaestina-verein.de\/wp\/wordpress\/index.php?rest_route=\/wp\/v2\/posts\/3377\/revisions"}],"predecessor-version":[{"id":3381,"href":"https:\/\/www.palaestina-verein.de\/wp\/wordpress\/index.php?rest_route=\/wp\/v2\/posts\/3377\/revisions\/3381"}],"wp:featuredmedia":[{"embeddable":true,"href":"https:\/\/www.palaestina-verein.de\/wp\/wordpress\/index.php?rest_route=\/wp\/v2\/media\/3378"}],"wp:attachment":[{"href":"https:\/\/www.palaestina-verein.de\/wp\/wordpress\/index.php?rest_route=%2Fwp%2Fv2%2Fmedia&parent=3377"}],"wp:term":[{"taxonomy":"category","embeddable":true,"href":"https:\/\/www.palaestina-verein.de\/wp\/wordpress\/index.php?rest_route=%2Fwp%2Fv2%2Fcategories&post=3377"},{"taxonomy":"post_tag","embeddable":true,"href":"https:\/\/www.palaestina-verein.de\/wp\/wordpress\/index.php?rest_route=%2Fwp%2Fv2%2Ftags&post=3377"}],"curies":[{"name":"wp","href":"https:\/\/api.w.org\/{rel}","templated":true}]}}