{"id":3456,"date":"2019-11-30T07:42:16","date_gmt":"2019-11-30T07:42:16","guid":{"rendered":"http:\/\/www.palaestina-verein.de\/wp\/wordpress?p=3456"},"modified":"2020-06-09T15:57:58","modified_gmt":"2020-06-09T15:57:58","slug":"foerdermittel-2020","status":"publish","type":"post","link":"https:\/\/www.palaestina-verein.de\/wp\/wordpress?p=3456","title":{"rendered":"Ausschreibung F\u00f6rdermittel 2020"},"content":{"rendered":"<p>Der Deutsche Verein zur Erforschung Pal\u00e4stinas (DPV) schreibt f\u00fcr das Jahr 2020 F\u00f6rdermittel in H\u00f6he\u00a0von 5.000 Euro zur Durchf\u00fchrung von wissenschaftlichen Pal\u00e4stina-Forschungen aus.\u00a0Die Mittel dienen der F\u00f6rderung und Unterst\u00fctzung von wissenschaftlichen Projekten mit hohem Stellenwert f\u00fcr die Erforschung Pal\u00e4stinas. Sie sollen bevorzugt Mitgliedern des DPV gew\u00e4hrt werden und\u00a0vorzugsweise Nachwuchswissenschaftlerinnen und Nachwuchswissenschaftlern zugutekommen.<\/p>\n<p>Antr\u00e4ge auf Zuweisung der F\u00f6rdermittel k\u00f6nnen bis zum 20. Februar 2020 eingereicht werden. Sie\u00a0sind an den Vorsitzenden des DPV zu richten. Weitere Informationen finde Sie <a href=\"https:\/\/www.palaestina-verein.de\/wp\/wordpress\/?ddownload=3462\" title=\"hier\" rel=\"nofollow\" class=\"ddownload-link id-3462 ext-pdf\">hier<\/a>.<\/p>\n","protected":false},"excerpt":{"rendered":"<p>Der Deutsche Verein zur Erforschung Pal\u00e4stinas (DPV) schreibt f\u00fcr das Jahr 2020 F\u00f6rdermittel in H\u00f6he\u00a0von 5.000 Euro zur Durchf\u00fchrung von wissenschaftlichen Pal\u00e4stina-Forschungen aus.\u00a0Die Mittel dienen der F\u00f6rderung und Unterst\u00fctzung von wissenschaftlichen Projekten mit hohem Stellenwert f\u00fcr die Erforschung Pal\u00e4stinas. Sie sollen bevorzugt Mitgliedern des DPV gew\u00e4hrt werden und\u00a0vorzugsweise Nachwuchswissenschaftlerinnen und Nachwuchswissenschaftlern zugutekommen. Antr\u00e4ge auf Zuweisung [&hellip;]<\/p>\n","protected":false},"author":6,"featured_media":3457,"comment_status":"closed","ping_status":"closed","sticky":false,"template":"","format":"standard","meta":{"_bbp_topic_count":0,"_bbp_reply_count":0,"_bbp_total_topic_count":0,"_bbp_total_reply_count":0,"_bbp_voice_count":0,"_bbp_anonymous_reply_count":0,"_bbp_topic_count_hidden":0,"_bbp_reply_count_hidden":0,"_bbp_forum_subforum_count":0,"footnotes":""},"categories":[61],"tags":[],"class_list":["post-3456","post","type-post","status-publish","format-standard","has-post-thumbnail","hentry","category-news"],"_links":{"self":[{"href":"https:\/\/www.palaestina-verein.de\/wp\/wordpress\/index.php?rest_route=\/wp\/v2\/posts\/3456","targetHints":{"allow":["GET"]}}],"collection":[{"href":"https:\/\/www.palaestina-verein.de\/wp\/wordpress\/index.php?rest_route=\/wp\/v2\/posts"}],"about":[{"href":"https:\/\/www.palaestina-verein.de\/wp\/wordpress\/index.php?rest_route=\/wp\/v2\/types\/post"}],"author":[{"embeddable":true,"href":"https:\/\/www.palaestina-verein.de\/wp\/wordpress\/index.php?rest_route=\/wp\/v2\/users\/6"}],"replies":[{"embeddable":true,"href":"https:\/\/www.palaestina-verein.de\/wp\/wordpress\/index.php?rest_route=%2Fwp%2Fv2%2Fcomments&post=3456"}],"version-history":[{"count":6,"href":"https:\/\/www.palaestina-verein.de\/wp\/wordpress\/index.php?rest_route=\/wp\/v2\/posts\/3456\/revisions"}],"predecessor-version":[{"id":3467,"href":"https:\/\/www.palaestina-verein.de\/wp\/wordpress\/index.php?rest_route=\/wp\/v2\/posts\/3456\/revisions\/3467"}],"wp:featuredmedia":[{"embeddable":true,"href":"https:\/\/www.palaestina-verein.de\/wp\/wordpress\/index.php?rest_route=\/wp\/v2\/media\/3457"}],"wp:attachment":[{"href":"https:\/\/www.palaestina-verein.de\/wp\/wordpress\/index.php?rest_route=%2Fwp%2Fv2%2Fmedia&parent=3456"}],"wp:term":[{"taxonomy":"category","embeddable":true,"href":"https:\/\/www.palaestina-verein.de\/wp\/wordpress\/index.php?rest_route=%2Fwp%2Fv2%2Fcategories&post=3456"},{"taxonomy":"post_tag","embeddable":true,"href":"https:\/\/www.palaestina-verein.de\/wp\/wordpress\/index.php?rest_route=%2Fwp%2Fv2%2Ftags&post=3456"}],"curies":[{"name":"wp","href":"https:\/\/api.w.org\/{rel}","templated":true}]}}