{"id":4214,"date":"2025-11-14T09:51:56","date_gmt":"2025-11-14T09:51:56","guid":{"rendered":"https:\/\/www.palaestina-verein.de\/wp\/wordpress?p=4214"},"modified":"2025-11-28T13:12:08","modified_gmt":"2025-11-28T13:12:08","slug":"ausschreibung-foerdermittel-2026","status":"publish","type":"post","link":"https:\/\/www.palaestina-verein.de\/wp\/wordpress?p=4214","title":{"rendered":"Ausschreibung F\u00f6rdermittel \u2013 2026"},"content":{"rendered":"<p>Der Deutsche Verein zur Erforschung Pal\u00e4stinas (DPV) schreibt f\u00fcr das Jahr 2026 F\u00f6rdermittel in H\u00f6he\u00a0von bis zu 5.000 Euro zur Durchf\u00fchrung von wissenschaftlichen Pal\u00e4stina-Forschungen aus.\u00a0Die Mittel dienen der F\u00f6rderung und Unterst\u00fctzung von wissenschaftlichen Projekten mit hohem Stellenwert f\u00fcr die Erforschung Pal\u00e4stinas. Sie sollen bevorzugt Mitgliedern des DPV gew\u00e4hrt werden und\u00a0vorzugsweise Nachwuchswissenschaftlerinnen und Nachwuchswissenschaftlern zugutekommen.<\/p>\n<p>Antr\u00e4ge auf Zuweisung der F\u00f6rdermittel k\u00f6nnen bis zum 31. M\u00e4rz 2026 eingereicht werden. Sie\u00a0sind an die Vorsitzende oder an den Vorsitzenden des DPV zu richten. Weitere Informationen finde Sie hier <a href=\"https:\/\/www.palaestina-verein.de\/wp\/wordpress\/wp-content\/uploads\/Ausschreibung_DPV-Foerdermitteln-fuer-2025-2026_ZDPV-final.pdf\" target=\"_blank\" rel=\"noopener\">hier<\/a>.<\/p>\n","protected":false},"excerpt":{"rendered":"<p>Der Deutsche Verein zur Erforschung Pal\u00e4stinas (DPV) schreibt f\u00fcr das Jahr 2026 F\u00f6rdermittel in H\u00f6he\u00a0von bis zu 5.000 Euro zur Durchf\u00fchrung von wissenschaftlichen Pal\u00e4stina-Forschungen aus.\u00a0Die Mittel dienen der F\u00f6rderung und Unterst\u00fctzung von wissenschaftlichen Projekten mit hohem Stellenwert f\u00fcr die Erforschung Pal\u00e4stinas. Sie sollen bevorzugt Mitgliedern des DPV gew\u00e4hrt werden und\u00a0vorzugsweise Nachwuchswissenschaftlerinnen und Nachwuchswissenschaftlern zugutekommen. Antr\u00e4ge [&hellip;]<\/p>\n","protected":false},"author":6,"featured_media":4219,"comment_status":"closed","ping_status":"closed","sticky":false,"template":"","format":"standard","meta":{"_bbp_topic_count":0,"_bbp_reply_count":0,"_bbp_total_topic_count":0,"_bbp_total_reply_count":0,"_bbp_voice_count":0,"_bbp_anonymous_reply_count":0,"_bbp_topic_count_hidden":0,"_bbp_reply_count_hidden":0,"_bbp_forum_subforum_count":0,"footnotes":""},"categories":[61],"tags":[],"class_list":["post-4214","post","type-post","status-publish","format-standard","has-post-thumbnail","hentry","category-news"],"_links":{"self":[{"href":"https:\/\/www.palaestina-verein.de\/wp\/wordpress\/index.php?rest_route=\/wp\/v2\/posts\/4214","targetHints":{"allow":["GET"]}}],"collection":[{"href":"https:\/\/www.palaestina-verein.de\/wp\/wordpress\/index.php?rest_route=\/wp\/v2\/posts"}],"about":[{"href":"https:\/\/www.palaestina-verein.de\/wp\/wordpress\/index.php?rest_route=\/wp\/v2\/types\/post"}],"author":[{"embeddable":true,"href":"https:\/\/www.palaestina-verein.de\/wp\/wordpress\/index.php?rest_route=\/wp\/v2\/users\/6"}],"replies":[{"embeddable":true,"href":"https:\/\/www.palaestina-verein.de\/wp\/wordpress\/index.php?rest_route=%2Fwp%2Fv2%2Fcomments&post=4214"}],"version-history":[{"count":2,"href":"https:\/\/www.palaestina-verein.de\/wp\/wordpress\/index.php?rest_route=\/wp\/v2\/posts\/4214\/revisions"}],"predecessor-version":[{"id":4222,"href":"https:\/\/www.palaestina-verein.de\/wp\/wordpress\/index.php?rest_route=\/wp\/v2\/posts\/4214\/revisions\/4222"}],"wp:featuredmedia":[{"embeddable":true,"href":"https:\/\/www.palaestina-verein.de\/wp\/wordpress\/index.php?rest_route=\/wp\/v2\/media\/4219"}],"wp:attachment":[{"href":"https:\/\/www.palaestina-verein.de\/wp\/wordpress\/index.php?rest_route=%2Fwp%2Fv2%2Fmedia&parent=4214"}],"wp:term":[{"taxonomy":"category","embeddable":true,"href":"https:\/\/www.palaestina-verein.de\/wp\/wordpress\/index.php?rest_route=%2Fwp%2Fv2%2Fcategories&post=4214"},{"taxonomy":"post_tag","embeddable":true,"href":"https:\/\/www.palaestina-verein.de\/wp\/wordpress\/index.php?rest_route=%2Fwp%2Fv2%2Ftags&post=4214"}],"curies":[{"name":"wp","href":"https:\/\/api.w.org\/{rel}","templated":true}]}}